{"id":27,"__str__":"Indica\u00e7\u00e3o n\u00ba 11 de 2015","link_detail_backend":"/materia/27","metadata":{},"numero":11,"ano":2015,"numero_protocolo":null,"data_apresentacao":"2015-02-19","tipo_apresentacao":"E","data_publicacao":null,"numero_origem_externa":"","ano_origem_externa":null,"data_origem_externa":null,"apelido":"","dias_prazo":null,"data_fim_prazo":null,"em_tramitacao":false,"polemica":null,"objeto":"","complementar":null,"ementa":"INDICA \u00c0 PREFEITA PROVID\u00caNCIAS VISANDO A EXECU\u00c7\u00c3O DE SERVI\u00c7OS NA SINALIZA\u00c7\u00c3O DAS RUAS PRINCIPAIS DA CIDADE, COM PRIORIDADE \u00c0S VIAS DE ACESSO ESCOLAR, COM FAIXAS, PLACAS E QUEBRA-MOLAS.","indexacao":"INDICA \u00c0 PREFEITA PROVID\u00caNCIAS VISANDO A EXECU\u00c7\u00c3O DE SERVI\u00c7OS NA SINALIZA\u00c7\u00c3O DAS RUAS PRINCIPAIS DA CIDADE, COM PRIORIDADE \u00c0S VIAS DE ACESSO ESCOLAR, COM FAIXAS, PLACAS E QUEBRA-MOLAS.","observacao":"","resultado":"","texto_original":"http://sapl.formoso.mg.leg.br/media/sapl/public/materialegislativa/2015/27/27_texto_integral.pdf","data_ultima_atualizacao":"2018-09-29T11:03:51.063560-03:00","ip":"","ultima_edicao":null,"tipo":8,"regime_tramitacao":1,"tipo_origem_externa":null,"local_origem_externa":null,"user":null,"anexadas":[],"autores":[]}