{"id":59,"__str__":"Requerimento n\u00ba 22 de 2015","link_detail_backend":"/materia/59","metadata":{},"numero":22,"ano":2015,"numero_protocolo":null,"data_apresentacao":"2015-08-10","tipo_apresentacao":"E","data_publicacao":null,"numero_origem_externa":"","ano_origem_externa":null,"data_origem_externa":null,"apelido":"","dias_prazo":null,"data_fim_prazo":null,"em_tramitacao":false,"polemica":null,"objeto":"","complementar":null,"ementa":"REQUER O PLEN\u00c1RIO E POR INTERM\u00c9DIO DA MESA DIRETORA, INFORMA\u00c7\u00d5ES \u00c0 PREFEITA QUANTO \u00c0 DESTINA\u00c7\u00c3O DE TODA A INSTALA\u00c7\u00c3O  (REFLETORES, LUMIN\u00c1RIAS ETC) DE ILUMINA\u00c7\u00c3O DAS MARGENS DO AGO FORMOSO.","indexacao":"DESTINA\u00c7\u00c3O DE TODA A INSTALA\u00c7\u00c3O  (REFLETORES, LUMIN\u00c1RIAS ETC) DE ILUMINA\u00c7\u00c3O DAS MARGENS DO AGO FORMOSO.","observacao":"","resultado":"","texto_original":null,"data_ultima_atualizacao":"2018-09-29T11:03:46.462114-03:00","ip":"","ultima_edicao":null,"tipo":3,"regime_tramitacao":1,"tipo_origem_externa":null,"local_origem_externa":null,"user":null,"anexadas":[],"autores":[]}