{"headers": {"id": "ID", "ano": "Ano", "numero": "N\u00famero", "tipo__sigla": "Tipo de Mat\u00e9ria Legislativa/Sigla", "tipo__descricao": "Tipo de Mat\u00e9ria Legislativa/Descri\u00e7\u00e3o", "autoria": "Autorias", "texto_original": "Texto Original", "ementa": "Ementa"}, "results": [{"id": "17", "ano": "2015", "numero": "1", "tipo__sigla": "IND", "tipo__descricao": "Indica\u00e7\u00e3o", "autoria": "", "texto_original": "http://sapl.formoso.mg.leg.br/media/./sapl/public/materialegislativa/2015/17/17_texto_integral.pdf", "ementa": "INDICA \u00c0 PREFEITA PROVID\u00caNCIAS VISANDO A EXECU\u00c7\u00c3O DE SERVI\u00c7OS DE MANUTEN\u00c7\u00c3O E RECUPERA\u00c7\u00c3O DA ESTRADA RM09, QUE FAZ A LIGA\u00c7\u00c3O DA CIDADE DE FORMOSO \u00c0 COOPERTINGA."}, {"id": "18", "ano": "2015", "numero": "2", "tipo__sigla": "IND", "tipo__descricao": "Indica\u00e7\u00e3o", "autoria": "", "texto_original": "http://sapl.formoso.mg.leg.br/media/./sapl/public/materialegislativa/2015/18/18_texto_integral.pdf", "ementa": "INDICA \u00c0 PREFEITA PROVID\u00caNCIAS VISANDO A EXECU\u00c7\u00c3O DE SERVI\u00c7OS DE MANUTEN\u00c7\u00c3O E RECUPERA\u00c7\u00c3O DA ESTRADA QUE FAZ A LIGA\u00c7\u00c3O DO DISTRITO DE GOIAMINAS \u00c0 COOPERTINGA."}, {"id": "19", "ano": "2015", "numero": "3", "tipo__sigla": "IND", "tipo__descricao": "Indica\u00e7\u00e3o", "autoria": "", "texto_original": "http://sapl.formoso.mg.leg.br/media/./sapl/public/materialegislativa/2015/19/19_texto_integral.pdf", "ementa": "INDICA \u00c0 PREFEITA PROVID\u00caNCIAS VISANDO A EXECU\u00c7\u00c3O DE SERVI\u00c7OS DE RECUPERA\u00c7\u00c3O DO ASFALTO, NAS RUAS DO DISTRITO DE GOIAMINAS."}, {"id": "20", "ano": "2015", "numero": "4", "tipo__sigla": "IND", "tipo__descricao": "Indica\u00e7\u00e3o", "autoria": "", "texto_original": "http://sapl.formoso.mg.leg.br/media/./sapl/public/materialegislativa/2015/20/20_texto_integral.pdf", "ementa": "INDICA \u00c0 PREFEITA PROVID\u00caNCIAS VISANDO A EXECU\u00c7\u00c3O DE SERVI\u00c7OS DE RECUPERA\u00c7\u00c3O DAS RUAS DA COHAB, SETOR AEROPORTO."}, {"id": "21", "ano": "2015", "numero": "5", "tipo__sigla": "IND", "tipo__descricao": "Indica\u00e7\u00e3o", "autoria": "", "texto_original": "http://sapl.formoso.mg.leg.br/media/./sapl/public/materialegislativa/2015/21/21_texto_integral.pdf", "ementa": "INDICAR \u00c0 PREFEITA PROVID\u00caNCIAS VISANDO A EXECU\u00c7\u00c3O DE SERVI\u00c7OS DE RECUPERA\u00c7\u00c3O DAS ESTRADAS QUE D\u00c3O ACESSO \u00c0 IGREJA CAT\u00d3LICA E DEMAIS RAMAIS NA LOCALIDADE PIRATINGA DOS PIABAS."}, {"id": "22", "ano": "2015", "numero": "6", "tipo__sigla": "IND", "tipo__descricao": "Indica\u00e7\u00e3o", "autoria": "", "texto_original": "http://sapl.formoso.mg.leg.br/media/./sapl/public/materialegislativa/2015/22/22_texto_integral.pdf", "ementa": "INDICA \u00c0 PREFEITA PROVID\u00caNCIAS VISANDO A EXECU\u00c7\u00c3O DE SERVI\u00c7OS NA CONSTRU\u00c7\u00c3O DA NOVA PONTE SOBRE O RIO PIRATINGA NA RM 09, VIA BR 020."}, {"id": "23", "ano": "2015", "numero": "7", "tipo__sigla": "IND", "tipo__descricao": "Indica\u00e7\u00e3o", "autoria": "", "texto_original": "http://sapl.formoso.mg.leg.br/media/./sapl/public/materialegislativa/2015/23/23_texto_integral.pdf", "ementa": "INDICA \u00c0 PREFEITA PROVID\u00caNCIAS VISANDO A EXECU\u00c7\u00c3O DE SERVI\u00c7OS NA REFORMA DAS PONTES SOBRE OS RIOS: RASGADO, QUEBRA-QUINAU, TABOCA, S\u00c3O FRANCISCO E S\u00c3O JOAQUIM."}, {"id": "24", "ano": "2015", "numero": "8", "tipo__sigla": "IND", "tipo__descricao": "Indica\u00e7\u00e3o", "autoria": "", "texto_original": "http://sapl.formoso.mg.leg.br/media/./sapl/public/materialegislativa/2015/24/24_texto_integral.pdf", "ementa": "INDICA \u00c0 PREFEITA PROVID\u00caNCIAS VISANDO A EXECU\u00c7\u00c3O DE SERVI\u00c7OS NA CONSTRU\u00c7\u00c3O DE BUEIRO NO C\u00d3RREGO BARREIRO."}, {"id": "25", "ano": "2015", "numero": "9", "tipo__sigla": "IND", "tipo__descricao": "Indica\u00e7\u00e3o", "autoria": "", "texto_original": "http://sapl.formoso.mg.leg.br/media/./sapl/public/materialegislativa/2015/25/25_texto_integral.pdf", "ementa": "INDICA \u00c0 PREFEITA PROVID\u00caNCIAS VISANDO A EXECU\u00c7\u00c3O DE SERVI\u00c7OS NA CONSTRU\u00c7\u00c3O DE BARRAGENS PARA PEQUENOS PRODUTORES E ASSENTADOS. "}, {"id": "26", "ano": "2015", "numero": "10", "tipo__sigla": "IND", "tipo__descricao": "Indica\u00e7\u00e3o", "autoria": "", "texto_original": "http://sapl.formoso.mg.leg.br/media/./sapl/public/materialegislativa/2015/26/26_texto_integral.pdf", "ementa": "INDICA \u00c0 PREFEITA PROVID\u00caNCIAS VISANDO A POSSIBILIDADE DE GRATIFICAR AQUELES QUE OCUPAM O CARGO E/OU EXERCEM A FUN\u00c7\u00c3O DE SECRET\u00c1RIO ESCOLAR."}, {"id": "27", "ano": "2015", "numero": "11", "tipo__sigla": "IND", "tipo__descricao": "Indica\u00e7\u00e3o", "autoria": "", "texto_original": "http://sapl.formoso.mg.leg.br/media/./sapl/public/materialegislativa/2015/27/27_texto_integral.pdf", "ementa": "INDICA \u00c0 PREFEITA PROVID\u00caNCIAS VISANDO A EXECU\u00c7\u00c3O DE SERVI\u00c7OS NA SINALIZA\u00c7\u00c3O DAS RUAS PRINCIPAIS DA CIDADE, COM PRIORIDADE \u00c0S VIAS DE ACESSO ESCOLAR, COM FAIXAS, PLACAS E QUEBRA-MOLAS."}, {"id": "28", "ano": "2015", "numero": "12", "tipo__sigla": "IND", "tipo__descricao": "Indica\u00e7\u00e3o", "autoria": "", "texto_original": "http://sapl.formoso.mg.leg.br/media/./sapl/public/materialegislativa/2015/28/28_texto_integral.pdf", "ementa": "INDICA \u00c0 PREFEITA PROVID\u00caNCIAS VISANDO A POSSIBILIDADE DE REABERTURA DO BER\u00c7\u00c1RIO DA CRECHE PARA\u00cdSO INFANTIL."}, {"id": "36", "ano": "2015", "numero": "13", "tipo__sigla": "IND", "tipo__descricao": "Indica\u00e7\u00e3o", "autoria": "", "texto_original": "http://sapl.formoso.mg.leg.br/media/./sapl/public/materialegislativa/2015/36/36_texto_integral.pdf", "ementa": "REQUER, OUVIDO PLEN\u00c1RIO E POR INTERM\u00c9DIO DA MESA DIRETORA, QUE SOLICITE \u00c0 ILUSTRE PREFEITA MUNICIPAL C\u00d3PIA DO CONTRATO DE LOCA\u00c7\u00c3O DO IM\u00d3VEL UTILIZADO PARA O FUNCIONAMENTO DA AG\u00caNCIA DOS CORREIOS DO DISTRITO DE GOIAMINAS. "}, {"id": "12", "ano": "2015", "numero": "1", "tipo__sigla": "MSG", "tipo__descricao": "Mensagem", "autoria": "", "texto_original": "http://sapl.formoso.mg.leg.br/media/./sapl/public/materialegislativa/2015/12/12_texto_integral.jpeg", "ementa": "ENCAMINHA PROJETO DE LEI 1/2015"}, {"id": "13", "ano": "2015", "numero": "3", "tipo__sigla": "MSG", "tipo__descricao": "Mensagem", "autoria": "", "texto_original": "http://sapl.formoso.mg.leg.br/media/./sapl/public/materialegislativa/2015/13/13_texto_integral.pdf", "ementa": "ENCAMINHA PROJETO DE LEI 3/2015 "}, {"id": "29", "ano": "2015", "numero": "5", "tipo__sigla": "MSG", "tipo__descricao": "Mensagem", "autoria": "", "texto_original": "http://sapl.formoso.mg.leg.br/media/./sapl/public/materialegislativa/2015/29/29_texto_integral.pdf", "ementa": "ENCAMINHA PROJETO DE LEI QUE CONCEDE REVIS\u00c3O SALARIAL."}, {"id": "39", "ano": "2015", "numero": "6", "tipo__sigla": "MSG", "tipo__descricao": "Mensagem", "autoria": "", "texto_original": "http://sapl.formoso.mg.leg.br/media/./sapl/public/materialegislativa/2015/39/39_texto_integral.pdf", "ementa": "APRESENTA O PROJETO DE LEI 7/2015 QUE PROMOVE A DOA\u00c7\u00c3O DE LOTES URBANOS NO BAIRRO VILA SANTA LUZIA, NA CONSTRU\u00c7\u00c3O DE MORADIAS DO PROGRAMA \"MINHA CASA, MINHA VIDA\"."}, {"id": "44", "ano": "2015", "numero": "11", "tipo__sigla": "MSG", "tipo__descricao": "Mensagem", "autoria": "", "texto_original": "http://sapl.formoso.mg.leg.br/media/./sapl/public/materialegislativa/2015/44/44_texto_integral.pdf", "ementa": "PLANO DECENAL MUNICIPAL DE EDUCA\u00c7\u00c3O."}, {"id": "45", "ano": "2015", "numero": "13", "tipo__sigla": "MSG", "tipo__descricao": "Mensagem", "autoria": "", "texto_original": "http://sapl.formoso.mg.leg.br/media/./sapl/public/materialegislativa/2015/45/45_texto_integral.pdf", "ementa": "DOA\u00c7\u00c3O DE \u00c1REA OCUPADA PELO SR. ANT\u00d4NIO PEREIRA GOMES, DESTINADA \u00c0 CONSTRU\u00c7\u00c3O DE ANTENA DE RECEP\u00c7\u00c3O E TRANSMISS\u00c3O DE TELEFONIA CELULAR."}, {"id": "51", "ano": "2015", "numero": "16", "tipo__sigla": "MSG", "tipo__descricao": "Mensagem", "autoria": "", "texto_original": "http://sapl.formoso.mg.leg.br/media/", "ementa": "ENCAMINHAMOS A ESTA DOUTA EDILIDADE O PROJETO DE LEI QUE DISP\u00d5E SOBRE A AJUDA FINANCEIRA \u00c0 ASSOCIA\u00c7\u00c3O BENEFICENTE CRIST\u00c3 DE FORMOSO, E D\u00c1 OUTRAS PROVID\u00caNCIAS."}, {"id": "76", "ano": "2015", "numero": "18", "tipo__sigla": "MSG", "tipo__descricao": "Mensagem", "autoria": "", "texto_original": "http://sapl.formoso.mg.leg.br/media/", "ementa": "PARA OS EFEITOS LEGAIS SUBMETEMOS A DELIBERA\u00c7\u00c3O DESSA C\u00c2MARA MUNICIPAL PROJETO DE LEI DISPONDO O OR\u00c7AMENTO PARA O ANO DE 2016, ESTIMANDO-LHE A RECEITA E FIXANDO-LHE A DESPESA."}, {"id": "78", "ano": "2015", "numero": "19", "tipo__sigla": "MSG", "tipo__descricao": "Mensagem", "autoria": "", "texto_original": "http://sapl.formoso.mg.leg.br/media/", "ementa": " ALTERA\u00c7\u00c3O DO PLANO PLURIANUAL  DE A\u00c7\u00d5ES PARA O QUADRI\u00caNIO 2014/2017."}, {"id": "15", "ano": "2015", "numero": "1", "tipo__sigla": "PLO", "tipo__descricao": "Projeto de Lei Ordin\u00e1ria", "autoria": "", "texto_original": "http://sapl.formoso.mg.leg.br/media/./sapl/public/materialegislativa/2015/15/15_texto_integral.pdf", "ementa": "DISP\u00d5E SOBRE A CRIA\u00c7\u00c3O DO CONSELHO MUNICIPAL DE SANEAMENTO B\u00c1SICO E D\u00c1 OUTRAS PROVID\u00caNCIAS."}, {"id": "14", "ano": "2015", "numero": "2", "tipo__sigla": "PLO", "tipo__descricao": "Projeto de Lei Ordin\u00e1ria", "autoria": "", "texto_original": "http://sapl.formoso.mg.leg.br/media/./sapl/public/materialegislativa/2015/14/14_texto_integral.pdf", "ementa": "DECLARA DE UTILIDADE P\u00daBLICA A ASSOCIA\u00c7\u00c3O PA SOL NASCENTE."}, {"id": "16", "ano": "2015", "numero": "3", "tipo__sigla": "PLO", "tipo__descricao": "Projeto de Lei Ordin\u00e1ria", "autoria": "", "texto_original": "http://sapl.formoso.mg.leg.br/media/./sapl/public/materialegislativa/2015/16/16_texto_integral.pdf", "ementa": "CONCEDE REAJUSTE SALARIAL AOS PROFISSIONAIS DO MAGIST\u00c9RIO E DA OUTRAS PROVIDENCIAS."}, {"id": "30", "ano": "2015", "numero": "4", "tipo__sigla": "PLO", "tipo__descricao": "Projeto de Lei Ordin\u00e1ria", "autoria": "", "texto_original": "http://sapl.formoso.mg.leg.br/media/./sapl/public/materialegislativa/2015/30/30_texto_integral.pdf", "ementa": "ALTERA O VENCIMENTO BASE DOS CARGOS E FUN\u00c7\u00d5ES QUE MENCIONA E D\u00c1 OUTRAS PROVID\u00caNCIAS."}, {"id": "31", "ano": "2015", "numero": "5", "tipo__sigla": "PLO", "tipo__descricao": "Projeto de Lei Ordin\u00e1ria", "autoria": "", "texto_original": "http://sapl.formoso.mg.leg.br/media/./sapl/public/materialegislativa/2015/31/31_texto_integral.pdf", "ementa": "ALTERA O VENCIMENTO BASE DOS CARGOS E FUN\u00c7\u00d5ES QUE MENCIONA E D\u00c1 OUTRAS PROVID\u00caNCIAS."}, {"id": "42", "ano": "2015", "numero": "6", "tipo__sigla": "PLO", "tipo__descricao": "Projeto de Lei Ordin\u00e1ria", "autoria": "", "texto_original": "http://sapl.formoso.mg.leg.br/media/./sapl/public/materialegislativa/2015/42/42_texto_integral.pdf", "ementa": "CONCEDE REVIS\u00c3O GERAL ANUAL DOS VENCIMENTOS DOS SERVIDORES MUNICIPAIS QUE MENCIONA E D\u00c1 OUTRAS PROVID\u00caNCIAS. "}, {"id": "40", "ano": "2015", "numero": "7", "tipo__sigla": "PLO", "tipo__descricao": "Projeto de Lei Ordin\u00e1ria", "autoria": "", "texto_original": "http://sapl.formoso.mg.leg.br/media/./sapl/public/materialegislativa/2015/40/40_texto_integral.pdf", "ementa": "AUTORIZA A CHEFE DO PODER EXECUTIVO MUNICIPAL A DOAR A \u00c1REA QUE ESPECIFICA PARA FINS DE CONSTRU\u00c7\u00c3O DE MORADIAS DO PROGRAMA \"MINHA CASA, MINHA VIDA\" E D\u00c1 OUTRAS PROVID\u00caNCIAS."}, {"id": "41", "ano": "2015", "numero": "9", "tipo__sigla": "PLO", "tipo__descricao": "Projeto de Lei Ordin\u00e1ria", "autoria": "", "texto_original": "http://sapl.formoso.mg.leg.br/media/./sapl/public/materialegislativa/2015/41/41_texto_integral.pdf", "ementa": "REVISA A REMUNERA\u00c7\u00c3O DOS SERVIDORES DA C\u00c2MARA MUNICIPAL DE FORMOSO-MG."}, {"id": "43", "ano": "2015", "numero": "10", "tipo__sigla": "PLO", "tipo__descricao": "Projeto de Lei Ordin\u00e1ria", "autoria": "", "texto_original": "http://sapl.formoso.mg.leg.br/media/./sapl/public/materialegislativa/2015/43/43_texto_integral.pdf", "ementa": "ABRE CR\u00c9DITO ADICIONAL ESPECIAL NO IMPORTE DE R$ 6.541,60 (SEIS MIL, QUINHENTOS E QUARENTA E HUM REAIS E SESSENTA CENTAVOS) E D\u00c1 OUTRAS PROVID\u00caNCIAS."}, {"id": "46", "ano": "2015", "numero": "11", "tipo__sigla": "PLO", "tipo__descricao": "Projeto de Lei Ordin\u00e1ria", "autoria": "", "texto_original": "http://sapl.formoso.mg.leg.br/media/./sapl/public/materialegislativa/2015/46/46_texto_integral.pdf", "ementa": "APROVA O PLANO MUNICIPAL DE EDUCA\u00c7\u00c3O - PME E D\u00c1 OUTRAS PROVID\u00caNCIAS."}, {"id": "47", "ano": "2015", "numero": "12", "tipo__sigla": "PLO", "tipo__descricao": "Projeto de Lei Ordin\u00e1ria", "autoria": "", "texto_original": "http://sapl.formoso.mg.leg.br/media/./sapl/public/materialegislativa/2015/47/47_texto_integral.pdf", "ementa": "DECLARA DE UTILIDADE4 P\u00daBLICA A CENTRAL DE ASSOCIA\u00c7\u00d5ES DE FORMOSO E REGI\u00c3O."}, {"id": "48", "ano": "2015", "numero": "13", "tipo__sigla": "PLO", "tipo__descricao": "Projeto de Lei Ordin\u00e1ria", "autoria": "", "texto_original": "http://sapl.formoso.mg.leg.br/media/./sapl/public/materialegislativa/2015/48/48_texto_integral.pdf", "ementa": "ALTERA A LEI MUNICIPAL N\u00ba 514, DE 25 DE NOVEMBRO DE 2014 QUE AUTORIZOU A CHEFE DO PODER EXECUTIVO MUNICIPAL A DOAR A \u00c1REA QUE ESPECIFICA PARA FINS DE INSTALA\u00c7\u00c3O DE ANTENA DE RECEP\u00c7\u00c3O E TRANSMISS\u00c3O DE SINAL DE TELEFONIA CELULAR."}, {"id": "49", "ano": "2015", "numero": "14", "tipo__sigla": "PLO", "tipo__descricao": "Projeto de Lei Ordin\u00e1ria", "autoria": "", "texto_original": "http://sapl.formoso.mg.leg.br/media/./sapl/public/materialegislativa/2015/49/49_texto_integral.pdf", "ementa": "DISP\u00d5E SOBRE A CRIA\u00c7\u00c3O DO CONSELHO MUNICIPAL DE DIREITOS DO IDOSO, DO FUNDO MUNICIPAL DE DIREITOS DO IDOSO E D\u00c1 OUTRAS PROVID\u00caNCIAS."}, {"id": "50", "ano": "2015", "numero": "15", "tipo__sigla": "PLO", "tipo__descricao": "Projeto de Lei Ordin\u00e1ria", "autoria": "", "texto_original": "http://sapl.formoso.mg.leg.br/media/./sapl/public/materialegislativa/2015/50/50_texto_integral.pdf", "ementa": "AUTORIZA O PODER EXECUTIVO A ALIENAR, MEDIANTE VENDA, IM\u00d3VEIS PERTENCENTES AO PATRIM\u00d4NIO P\u00daBLICO MUNICIPAL, QUE ESPECIFICA."}, {"id": "74", "ano": "2015", "numero": "16", "tipo__sigla": "PLO", "tipo__descricao": "Projeto de Lei Ordin\u00e1ria", "autoria": "", "texto_original": "http://sapl.formoso.mg.leg.br/media/", "ementa": "DISP\u00d5E SOBRE A AJUDA FINANCEIRA A ASSOCIA\u00c7\u00c3O FILANTR\u00d3PICA QUE ESPECIFICA E D\u00c1 OUTRAS PROVID\u00caNCIAS. "}, {"id": "75", "ano": "2015", "numero": "17", "tipo__sigla": "PLO", "tipo__descricao": "Projeto de Lei Ordin\u00e1ria", "autoria": "", "texto_original": "http://sapl.formoso.mg.leg.br/media/", "ementa": "ALTERA LEI 207/2003, QUE DISP\u00d5E SOBRE A POL\u00cdTICA MUNICIPAL DE ATENDIMENTO DOS DIREITOS DA CRIAN\u00c7A E DOS ADOLESCENTES, E D\u00c1 OUTRAS PROVID\u00caNCIAS."}, {"id": "77", "ano": "2015", "numero": "18", "tipo__sigla": "PLO", "tipo__descricao": "Projeto de Lei Ordin\u00e1ria", "autoria": "", "texto_original": "http://sapl.formoso.mg.leg.br/media/", "ementa": "ESTIMA A RECEITA E FIXA A DESPESA DO MUNIC\u00cdPIO DE FORMOSO PARA O EXERC\u00cdCIO FINANCEIRO DE 2016 E D\u00c1 OUTRAS PROVID\u00caNCIAS."}, {"id": "79", "ano": "2015", "numero": "19", "tipo__sigla": "PLO", "tipo__descricao": "Projeto de Lei Ordin\u00e1ria", "autoria": "", "texto_original": "http://sapl.formoso.mg.leg.br/media/", "ementa": "DISP\u00d5E SOBRE A A ALTERA\u00c7\u00c3O DO PLANO PLURIANUAL DE A\u00c7\u00d5ES PARA O QUADRI\u00caNIO 2014/2017 E D\u00c1 OUTRAS PROVID\u00caNCIAS."}, {"id": "80", "ano": "2015", "numero": "20", "tipo__sigla": "PLO", "tipo__descricao": "Projeto de Lei Ordin\u00e1ria", "autoria": "", "texto_original": "http://sapl.formoso.mg.leg.br/media/", "ementa": "DISP\u00d5E SOBRE A CONSTITUI\u00c7\u00c3O DO SERVI\u00c7O DE INSPE\u00c7\u00c3O MUNICIPAL- SIM NO MUNIC\u00cdPIO DE FORMOSO- MG, DEFINE OS PROCEDIMENTOS DE INSPE\u00c7\u00c3O SANIT\u00c1RIA EM ESTABELECIMENTOS QUE PRODUZAM PRODUTOS DE ORIGEM ANIMAL E D\u00c1 OUTRAS PROVID\u00caNCIAS.  "}, {"id": "81", "ano": "2015", "numero": "21", "tipo__sigla": "PLO", "tipo__descricao": "Projeto de Lei Ordin\u00e1ria", "autoria": "", "texto_original": "http://sapl.formoso.mg.leg.br/media/", "ementa": "ALTERA O INCISO I DO ART.1\u00ba DA LEI 486/2013, QUE DISP\u00d5E SOBRE DOA\u00c7\u00c3O DE IM\u00d3VEL AO ESTADO DE MINAS GERAIS, E D\u00c1 OUTRAS PROVID\u00caNCIAS."}, {"id": "82", "ano": "2015", "numero": "22", "tipo__sigla": "PLO", "tipo__descricao": "Projeto de Lei Ordin\u00e1ria", "autoria": "", "texto_original": "http://sapl.formoso.mg.leg.br/media/", "ementa": "ALTERA O 1\u00ba DO ART. 5\u00ba DA LEI 299/2006, QUE INSTITUI A CONTRIBUI\u00c7\u00c3O PARA O CUSTEIO DO SERVI\u00c7O DE ILUMINA\u00c7\u00c3O P\u00daBLICA, E D\u00c1 OUTRAS PROVID\u00caNCIAS."}, {"id": "83", "ano": "2015", "numero": "23", "tipo__sigla": "PLO", "tipo__descricao": "Projeto de Lei Ordin\u00e1ria", "autoria": "", "texto_original": "http://sapl.formoso.mg.leg.br/media/", "ementa": "REVISA O SUBSIDIO DA PREFEITA, DO VICE- PREFEITO, DOS VEREADORES E DOS SECRET\u00c1RIOS MUNICIPAIS DE FORMOSO- MG. "}, {"id": "11", "ano": "2015", "numero": "9", "tipo__sigla": "PRE", "tipo__descricao": "Projeto de Resolu\u00e7\u00e3o", "autoria": "", "texto_original": "http://sapl.formoso.mg.leg.br/media/./sapl/public/materialegislativa/2015/11/11_texto_integral.pdf", "ementa": "REQUER A PREFEITA QUANTO AOS VALORES DISPON\u00cdVEIS EM CONTAS ESPECIFICAS DA PREFEITA MUNICIPAL PARA CONCLUS\u00c3O DAS OBRAS DA ESCOLA MUNICIPAL MATILDE CARNEIRO DE ALMEIDA, SITUADA NO P.A S\u00c3O FRANCISCO, E DA CRECHE PR\u00d3-INF\u00c2NCIA, BEM COMO O ENVIO DAS PLANILHAS OR\u00c7AMENTARIAS REFERENTES AO REMANESCENTE DAS REFERIDAS OBRAS E, SE HOUVER, DOS RESPECTIVOS PROJETOS.   "}, {"id": "3", "ano": "2015", "numero": "1", "tipo__sigla": "REQ", "tipo__descricao": "Requerimento", "autoria": "", "texto_original": "http://sapl.formoso.mg.leg.br/media/./sapl/public/materialegislativa/2015/3/3_texto_integral.pdf", "ementa": "REQUER A PREFEITA INFORMA\u00c7\u00d5ES SOBRE O QUANTITATIVO DE SERVIDORES P\u00daBLICOS DA ADMINISTRA\u00c7\u00c3O DIRETA DO PODER EXECUTIVO MUNICIPAL , INCLUSIVE DOS COMISSIONADOS E CONTRATADOS TEMPORARIAMENTE, COMPREENDENDO NOME COMPLETO, CARGO E/OU FUN\u00c7\u00c3O E VENCIMENTO REFERENTES AOS EXERC\u00cdCIOS DE 2014 E 2015."}, {"id": "4", "ano": "2015", "numero": "2", "tipo__sigla": "REQ", "tipo__descricao": "Requerimento", "autoria": "", "texto_original": "http://sapl.formoso.mg.leg.br/media/./sapl/public/materialegislativa/2015/4/4_texto_integral.pdf", "ementa": "REQUER A PREFEITA C\u00d3PIA DAS FOLHAS DE PAGAMENTO DOS SERVIDORES P\u00daBLICOS DA ADMINISTRA\u00c7\u00c3O DIRETA DO PODER EXECUTIVO MUNICIPAL, INCLUSIVE DOS COMISSIONADOS E CONTRATADOS TEMPORARIAMENTE, REFERENTES AOS EXERC\u00cdCIOS DE 2013 E 2014 E O M\u00caS DE JANEIRO DE 2015."}, {"id": "5", "ano": "2015", "numero": "3", "tipo__sigla": "REQ", "tipo__descricao": "Requerimento", "autoria": "", "texto_original": "http://sapl.formoso.mg.leg.br/media/./sapl/public/materialegislativa/2015/5/5_texto_integral.pdf", "ementa": "REQUER \u00c0 PREFEITA, OS SEGUINTES DOCUMENTOS E INFORMA\u00c7\u00d5ES:\r\nI) - C\u00d3PIA DOS CART\u00d5ES PONTO DOS FUNCION\u00c1RIOS DA LIMPEZA URBANA (VARRE\u00c7\u00c3O DE RUA) REFERENTE AO EXERC\u00cdCIO DE 2013 AT\u00c9 A PRESENTE DATA;\r\nII) - C\u00d3PIA DOS TERMOS DE POSSE DOS SERVIDORES EMPOSSADOS EM 12 DE JUNHO DE 2014 PARA O CARGO DE AUXILIAR DE SERVI\u00c7OS GERAIS, PROVIMENTO EFETIVO;\r\nIII) - LOCAL DE TRABALHO DE CADA SERVIDOR EMPOSSADO EM 12 DE JUNHO DE 2014 PARA O CARGO DE AUXILIAR DE SERVI\u00c7OS GERAIS, PROVIMENTO EFETIVO, BEM COMO SUA FUN\u00c7\u00c3O;\r\nIV) - NOME DO DIRETOR OU DO CHEFE IMEDIATO DE SERVI\u00c7O DE LIMPEZA URBANA NOS EXERC\u00cdCIOS DE 2013, 2014 AT\u00c9 A PRESENTE DATA.\r\nV) - NOMES DOS SERVIDORES DESIGNADOS PARA COMISS\u00c3O DE LICITA\u00c7\u00c3O, EXERC\u00cdCIOS 20013, 2014 E 2015, SEUS RESPECTIVOS CARGOS/FUN\u00c7\u00d5ES E LOCAL DE TRABALHO."}, {"id": "6", "ano": "2015", "numero": "4", "tipo__sigla": "REQ", "tipo__descricao": "Requerimento", "autoria": "", "texto_original": "http://sapl.formoso.mg.leg.br/media/./sapl/public/materialegislativa/2015/6/6_texto_integral.pdf", "ementa": "REQUER \u00c0 PREFEITA INFORMA\u00c7\u00d5ES QUANTO AO N\u00daMERO DE CRIAN\u00c7AS DE 0 A 3ANOS MATRICULADAS EM CRECHE(S) P\u00daBLICA(S) E DE 4 A 5 ANOS MATRICULADAS EM PR\u00c9-ESCOLA (S), BEM COMO A INDICA\u00c7\u00c3O PRECISA DA(S) UNIDADE(S) F\u00cdSICA(S) ONDE \u00c9 OFERECIDA A EDUCA\u00c7\u00c3O INFANTIL NO MUNIC\u00cdPIO E SUAS PRESENTES CONDI\u00c7\u00d5ES DE USO. REQUEREM TAMB\u00c9M INFORMA\u00c7\u00d5ES QUANTO \u00c0 SITUA\u00c7\u00c3O DA OBRA REFERENTE AO PROGRAMA PR\u00d3 INF\u00c2NCIA E AS EVENTUAIS MEDIDAS TOMADAS PELO PODER EXECUTIVO DO MUNIC\u00cdPIO VISANDO SUA CONCLUS\u00c3O."}, {"id": "7", "ano": "2015", "numero": "5", "tipo__sigla": "REQ", "tipo__descricao": "Requerimento", "autoria": "", "texto_original": "http://sapl.formoso.mg.leg.br/media/./sapl/public/materialegislativa/2015/7/7_texto_integral.pdf", "ementa": "REQUER \u00c0 PREFEITA INFORMA\u00c7\u00d5ES SOBRE QUAIS EMPRESAS CONCORRERAM A LICITA\u00c7\u00c3O DA MERENDA ESCOLAR NO MUNIC\u00cdPIO E QUAL A VENCEDORA NO CERTAME LICITAT\u00d3RIO."}, {"id": "8", "ano": "2015", "numero": "6", "tipo__sigla": "REQ", "tipo__descricao": "Requerimento", "autoria": "", "texto_original": "http://sapl.formoso.mg.leg.br/media/./sapl/public/materialegislativa/2015/8/8_texto_integral.pdf", "ementa": "REQUER A PREFEITA INFORMA\u00c7\u00d5ES QUANTO \u00c0 REMUNERA\u00c7\u00c3O PERCEBIDA PELOS SERVIDORES QUE EXERCEM OS CARGOS E/OU FUN\u00c7\u00d5ES DE T\u00c9CNICO EM ENFERMAGEM, T\u00c9CNICO EM HIGIENE DENTAL, T\u00c9CNICO EM RADIOLOGIA E DENTISTA , DISCRIMINANDO O VENCIMENTO E AS RESPECTIVAS VANTAGENS PERMANENTES E/OU TRANSIT\u00d3RIAS.    "}, {"id": "9", "ano": "2015", "numero": "7", "tipo__sigla": "REQ", "tipo__descricao": "Requerimento", "autoria": "", "texto_original": "http://sapl.formoso.mg.leg.br/media/./sapl/public/materialegislativa/2015/9/9_texto_integral.pdf", "ementa": "REQUER \u00c0 PREFEITA OS SEGUINTES DOCUMENTOS E INFORMA\u00c7\u00d5ES:\r\n1) NOMES DAS EMPRESAS QUE PARTICIPARAM DO PROCESSO LICITAT\u00d3RIO QUE TEM POR OBJETO A REFORMA DO TELHADO DA UNIDADE MISTA DE SA\u00daDE;\r\n2) C\u00d3PIAS DOS CONTRATO DA OBRA E DO RESPECTIVO EMPENHO GLOBAL; E\r\n3) RELA\u00c7\u00c3O NOMINAL E REMUNERA\u00c7\u00c3O, DISCRIMINANDO-SE O VENCIMENTO E AS RESPECTIVAS VANTAGENS, DOS SERVIDORES EFETIVOS, COMISSIONADOS E CONTRATADOS QUE TRABALHAM NA UNIDADE MISTA DE SA\u00daDE, NA GARAGEM DA PREFEITURA; NA ESCOLA FELINTRO DIAS ANDRADE; NA ESCOLA SANTO ANTONIO; NO POSTO DE SAUDE DE GOIAMINAS E NOS PSF'S II E II"}, {"id": "10", "ano": "2015", "numero": "8", "tipo__sigla": "REQ", "tipo__descricao": "Requerimento", "autoria": "", "texto_original": "http://sapl.formoso.mg.leg.br/media/./sapl/public/materialegislativa/2015/10/10_texto_integral.pdf", "ementa": "CONVOCA O SECRETARIO MUNICIPAL DE SA\u00daDE PARA TRATAR DE ASSUNTOS REFERENTES \u00c0 SUA PASTA, ESPECIALMENTE OS RELATIVOS : 1) \u00c0 VARIA\u00c7\u00c3O MENSAL DE SUA REMUNERA\u00c7\u00c3O; 2) \u00c0 QUALIDADE DOS SERVI\u00c7OS PRESTADOS OU COLOCADOS \u00c0 DISPOSI\u00c7\u00c3O DA POPULA\u00c7\u00c3O; 3)AO REGIME DE ADIANTAMENTO( SUPRIMENTO DE FUNDO); 4) \u00c0(S) LICITA\u00c7\u00c3O(\u00d5ES) REALIZADAS VISANDO A CONTRATA\u00c7\u00c3O DE MEDICAMENTOS, BENS OU SERVI\u00c7OS NA \u00c1REA DE SA\u00daDE; E 5) OUTROS ASSUNTOS RELACIONADOS COM A COMPET\u00caNCIA DE SUA PASTA. "}, {"id": "32", "ano": "2015", "numero": "9", "tipo__sigla": "REQ", "tipo__descricao": "Requerimento", "autoria": "", "texto_original": "http://sapl.formoso.mg.leg.br/media/./sapl/public/materialegislativa/2015/32/32_texto_integral.pdf", "ementa": "REQUER, OUVIDO PLEN\u00c1RIO E POR INTERM\u00c9DIO DA MESA DIRETORA, INFORMA\u00c7\u00d5ES \u00c0 PREFEITA QUANTO AOS VALORES DISPON\u00cdVEIS EM CONTAS ESPEC\u00cdFICAS DA PREFEITURA MUNICIPAL PARA CONCLUS\u00c3O DAS OBRAS DA ESCOLA MUNICIPAL MATILDE CARNEIRO DE ALMEIDA ,SITUADA NO P.A S\u00c3O FRANCISCO, E DA CRECHE PR\u00d3-INF\u00c2NCIA, BEM COMO O ENVIO DAS PLANILHAS OR\u00c7AMENTARIAS REFERENTES AO REMANESCENTE DAS REFERIDAS OBRAS E, SE HOUVER, DOS RESPECTIVOS PROJETOS."}, {"id": "33", "ano": "2015", "numero": "10", "tipo__sigla": "REQ", "tipo__descricao": "Requerimento", "autoria": "", "texto_original": "http://sapl.formoso.mg.leg.br/media/./sapl/public/materialegislativa/2015/33/33_texto_integral.pdf", "ementa": "REQUER \u00c0 PREFEITA , DEPOIS DE APROVADO PELO PLEN\u00c1RIO, PROVID\u00caNCIAS NO SENTIDO DE REVISAR, MEDIANTE LEI, A REMUNERA\u00c7\u00c3O DOS SERVIDORES QUE EXERCEM O CARGO DE SECRET\u00c1RIO ESCOLAR COM O OBJETIVO DE COMPENSAR A DEFASAGEM SALARIAL OCORRIDA NOS \u00daLTIMOS ANOS. "}, {"id": "34", "ano": "2015", "numero": "11", "tipo__sigla": "REQ", "tipo__descricao": "Requerimento", "autoria": "", "texto_original": "http://sapl.formoso.mg.leg.br/media/./sapl/public/materialegislativa/2015/34/34_texto_integral.pdf", "ementa": "REQUER  \u00c0 ILUSTRE PREFEITA INFORMA\u00c7\u00c3O QUANTO AO VALOR MENSAL DOS HONOR\u00c1RIOS DEVIDOS AO ADVOGADO MARCUS VINICIUS VAZ GONTIJO, CONTRATADO PELA PREFEITURA MUNICIPAL DE FORMOSO-MG."}, {"id": "35", "ano": "2015", "numero": "12", "tipo__sigla": "REQ", "tipo__descricao": "Requerimento", "autoria": "", "texto_original": "http://sapl.formoso.mg.leg.br/media/./sapl/public/materialegislativa/2015/35/35_texto_integral.pdf", "ementa": "REMESSA AO PODER LEGISLATIVO DE: - C\u00d3PIA DO INTEIRO TEOR DA MOVIMENTA\u00c7\u00c3O DOS RECURSOS LIBERADOS JUNTO AO BDMG LEI 415/2011;- RELA\u00c7\u00c3O NOMINAL DOS FUNCION\u00c1RIOS CONTRATADOS JUNTO A SECRETARIA DE EDUCA\u00c7\u00c3O;- NOTAS FISCAIS, CHEQUES E/OU ORDEM BANCARIA REFERENTE AOS GASTOS COM A 50\u00aa E 51\u00aa FESTA DE JULHO;- NOTAS FISCAIS, CHEQUES E/OU ORDEM BANCARIA REFERENTES AOS GASTOS NA OPERA\u00c7\u00c3O TAPA BURACO EMPENHO N\u00b0 2219/2014; - NOTAS FISCAIS, CHEQUES E/OU ORDEM BANCARIA REFERENTES AOS GASTOS EFETUADOS NO RECAPEAMENTO DO ASFALTO PROCESSO LICITAT\u00d3RIO N\u00b0 190 E 193/2014; - NOTAS FISCAIS E CHEQUES REFERENTES ADIANTAMENTOS FINANCEIROS AO CHEFE DE GABINETE E SECRETARIO DE SA\u00daDE NOS ANOS 2013 E 2014."}, {"id": "38", "ano": "2015", "numero": "13", "tipo__sigla": "REQ", "tipo__descricao": "Requerimento", "autoria": "", "texto_original": "http://sapl.formoso.mg.leg.br/media/./sapl/public/materialegislativa/2015/38/38_texto_integral.pdf", "ementa": "REQUER, OUVIDO O PLEN\u00c1RIO E POR INTERM\u00c9DIO DA MESA DIRETORA, QUE SOLICITE \u00c0 ILUSTRE PREFEITA MUNICIPAL C\u00d3PIA DO CONTRATO DE LOCA\u00c7\u00c3O DO IM\u00d3VEL UTILIZADO PARA O FUNCIONAMENTO DA AG\u00caNCIA DOS CORREIOS DO DISTRITO DE GOIAMINAS."}, {"id": "37", "ano": "2015", "numero": "14", "tipo__sigla": "REQ", "tipo__descricao": "Requerimento", "autoria": "", "texto_original": "http://sapl.formoso.mg.leg.br/media/./sapl/public/materialegislativa/2015/37/37_texto_integral.pdf", "ementa": "REQUER, OUVIDO O PLEN\u00c1RIO E POR INTERM\u00c9DIO DA MESA DIRETORA, INFORMA\u00c7\u00d5ES \u00c0 PREFEITA SOBRE O CUSTO COM O FORNECIMENTO DE G\u00c1S PARA A ESCOLA MUNICIPAL SANTO ANT\u00d4NIO, SITUADA NO DISTRITO DE GOIAMINAS, NOS EXERC\u00cdCIOS DE 2013 E 2014, OS DADOS DA EMPRESA FORNECEDORA E AINDA O QUANTITATIVO DE G\u00c1S FORNECIDO NOS MESES DE JANEIRO, FEVEREIRO E MAR\u00c7O DE 2015."}, {"id": "52", "ano": "2015", "numero": "15", "tipo__sigla": "REQ", "tipo__descricao": "Requerimento", "autoria": "", "texto_original": "http://sapl.formoso.mg.leg.br/media/", "ementa": "REQUER INFORMA\u00c7\u00d5ES SOBRE A IMPRENSA VENCEDORA  DA LICITA\u00c7\u00c3O PARA EXECU\u00c7\u00c3O DAS OBRAS DE INFRAESTRUTURA OBJETO DE CONV\u00caNIO FIRMADO ENTRE O MUNIC\u00cdPIO DE FORMOSO E O INCRA (EMPENHO N\u00ba 800231), BEM COMO A RELA\u00c7\u00c3O DAS OBRAS QUE SER\u00c3O REALIZADAS EM CADA ASSENTAMENTO; OS ASSENTAMENTOS QUE SER\u00c3O BENEFICIADOS E O CRONOGRAMA DAS OBRAS.  "}, {"id": "53", "ano": "2015", "numero": "16", "tipo__sigla": "REQ", "tipo__descricao": "Requerimento", "autoria": "", "texto_original": "http://sapl.formoso.mg.leg.br/media/", "ementa": "REQUER INFORMA\u00c7\u00d5ES SOBRE O LOCAL ONDE FICA O VE\u00cdCULO OFICIAL DO GABINETE PLACA PUB5088, NOS FERIADOS , FINS DE SEMANA E HOR\u00c1RIOS AP\u00d3S O EXPEDIENTE, BEM COMO O NOME DO MOTORISTA   QUE CONDUZ O RESPECTIVO VE\u00cdCULO. "}, {"id": "54", "ano": "2015", "numero": "17", "tipo__sigla": "REQ", "tipo__descricao": "Requerimento", "autoria": "", "texto_original": "http://sapl.formoso.mg.leg.br/media/", "ementa": "REQUER A CONVOCA\u00c7\u00c3O DO SECRET\u00c1RIO MUNICIPAL DA AGRICULTURA PARA TRATAR DE ASSUNTOS REFERENTES \u00c0 SUA PASTA, ESPECIALMENTE OS RELATIVOS: 1) A VARIA\u00c7\u00c3O MENSAL DE SUA REMUNERA\u00c7\u00c3O; 2)A QUALIDADE DOS SERVI\u00c7OS PRESTADOS OU COLOCADOS \u00c0 DISPOSI\u00c7\u00c3O DA POPULA\u00c7\u00c3O ; 3) AGRICULTURA FAMILIAR E PAA; 4) OUTROS ASSUNTOS RELACIONADOS COM A COMPET\u00caNCIA DE SUA PASTA."}, {"id": "55", "ano": "2015", "numero": "18", "tipo__sigla": "REQ", "tipo__descricao": "Requerimento", "autoria": "", "texto_original": "http://sapl.formoso.mg.leg.br/media/", "ementa": "REQUER A CONVOCA\u00c7\u00c3O DO SECRET\u00c1RIA DE TURISMO PARA TRATAR DE ASSUNTOS REFERENTES \u00c0 SUA PASTA, ESPECIALMENTE OS RELATIVOS : 1) COMO \u00c9 PROMOVIDO O TURISMO NO MUNIC\u00cdPIO E OS LOCAIS ; 2) QUAIS OS GASTOS COM O TURISMO EM 2013, 2014 E 2015; 3) QUAIS OS PLANEJAMENTOS PARA 2015 E 2016; E 4) OUTROS ASSUNTOS RELACIONADOS COM A COMPET\u00caNCIA DE SUA PARTE. "}, {"id": "56", "ano": "2015", "numero": "19", "tipo__sigla": "REQ", "tipo__descricao": "Requerimento", "autoria": "", "texto_original": "http://sapl.formoso.mg.leg.br/media/", "ementa": "REQUER A CONVOCA\u00c7\u00c3O DO SECRET\u00c1RIO MUNICIPAL DE CULTURA PARA TRATAR DE ASSUNTOS REFERENTES \u00c0 SUA PASTA, ESPECIALMENTE OS RELATIVOS: 1)AO PATRIM\u00d4NIO PUBLICO CULTURAL; 2)A UTILIZA\u00c7\u00c3O DE BEM P\u00daBLICO; E 3) OUTROS ASSUNTOS RELACIONADOS COM A COMPET\u00caNCIA DE SUA PASTA."}, {"id": "57", "ano": "2015", "numero": "20", "tipo__sigla": "REQ", "tipo__descricao": "Requerimento", "autoria": "", "texto_original": "http://sapl.formoso.mg.leg.br/media/", "ementa": "REQUER OS SEGUINTES DOCUMENTOS : 1- C\u00d3PIA DO PROCESSO LICITAT\u00d3RIO N\u00b0 416/2014."}, {"id": "58", "ano": "2015", "numero": "21", "tipo__sigla": "REQ", "tipo__descricao": "Requerimento", "autoria": "", "texto_original": "http://sapl.formoso.mg.leg.br/media/", "ementa": "REQUER INFORMA\u00c7\u00d5ES \u00c0 PREFEITA QUANTO \u00c1 DESTINA\u00c7\u00c3O DOS MATERIAIS (ESPECIALMENTE DO MADEIRAMENTO)RETIRADOS DA CRECHE PARA\u00cdSO INFANTIL E DA UNIDADE MISTA DE SA\u00daDE ABDIAS MAGALH\u00c3ES DE ORNELAS POR OCASI\u00c3O DE SUAS REFORMAS."}, {"id": "59", "ano": "2015", "numero": "22", "tipo__sigla": "REQ", "tipo__descricao": "Requerimento", "autoria": "", "texto_original": "http://sapl.formoso.mg.leg.br/media/", "ementa": "REQUER O PLEN\u00c1RIO E POR INTERM\u00c9DIO DA MESA DIRETORA, INFORMA\u00c7\u00d5ES \u00c0 PREFEITA QUANTO \u00c0 DESTINA\u00c7\u00c3O DE TODA A INSTALA\u00c7\u00c3O  (REFLETORES, LUMIN\u00c1RIAS ETC) DE ILUMINA\u00c7\u00c3O DAS MARGENS DO AGO FORMOSO."}, {"id": "60", "ano": "2015", "numero": "23", "tipo__sigla": "REQ", "tipo__descricao": "Requerimento", "autoria": "", "texto_original": "http://sapl.formoso.mg.leg.br/media/", "ementa": "REQUER, OUVIDO PLEN\u00c1RIO, A CONVOCA\u00c7\u00c3O DOS SEGUINTES DIRIGENTES DE \u00d3RG\u00c3OS DA PREFEITURA MUNICIPAL DE FORMOSO: 1)SECRET\u00c1RIO MUNICIPAL DE INFRAESTRUTURA; 2) SECRET\u00c1RIO MUNICIPAL DE GOVERNO; 3)DIRETOR DO DEPARTAMENTO DE URBANISMO E OBRAS P\u00daBLICAS ; 4) DIRETOR DO DEPARTAMENTO DE ESTRADAS DE RODAGEM; 5)DIRETOR DO DEPARTAMENTO DE TR\u00c2NSITO E SERVI\u00c7OS MUNICIPAIS; 6) PRESIDENTE DA COMISS\u00c3O DE LICITA\u00c7\u00c3O A FIM DE QUE PRESTEM \u00c0 C\u00c2MARA MUNICIPAL INFORMA\u00c7\u00d5ES REFERENTES \u00c0S SUAS ATRIBUI\u00c7\u00d5ES, ESPECIALMENTE OS RELATIVOS: 1) AOS TRABALHOS REALIZADOS EM BENEF\u00cdCIO DA POPULA\u00c7\u00c3O BEM COMO AQUELES PREVISTO DE SE REALIZAR.; 2) OUTROS ASSUNTOS RELACIONADOS COM A COMPET\u00caNCIA DE SUA PASTA, PROCEDENDO-SE DE ACORDO COM O DISPOSTO NO ARTIGO 268 DO REGIMENTO INTERNO. "}, {"id": "61", "ano": "2015", "numero": "24", "tipo__sigla": "REQ", "tipo__descricao": "Requerimento", "autoria": "", "texto_original": "http://sapl.formoso.mg.leg.br/media/", "ementa": "REQUER INFORMA\u00c7\u00d5ES \u00c0 PREFEITA QUANTO \u00c0 DESTINA\u00c7\u00c3O DE TODO MADEIRAMENTO RETIRADO DA PONTE SOBRE O RIO PIRATINGA."}, {"id": "62", "ano": "2015", "numero": "25", "tipo__sigla": "REQ", "tipo__descricao": "Requerimento", "autoria": "", "texto_original": "http://sapl.formoso.mg.leg.br/media/", "ementa": "REQUER INFORMA\u00c7\u00d5ES A PREFEITA SOBRE A DATA EM QUE SER\u00c1 ENTREGUE CADA CASA DA COHAB (LOCALIZADAS PR\u00d3XIMAS AO VALE DO AMANHECER)AOS CONTEMPLADOS, BEM COMO A RAZ\u00c3O PELA QUAL A ENTREGUE AINDA N\u00c3O OCORREU. "}, {"id": "63", "ano": "2015", "numero": "26", "tipo__sigla": "REQ", "tipo__descricao": "Requerimento", "autoria": "", "texto_original": "http://sapl.formoso.mg.leg.br/media/", "ementa": "REQUER , \u00c1 ILUSTRE PREFEITA , OS SEGUINTES DOCUMENTOS: 1)- REMESSA AO PODER LEGISLATIVO, DE NOTAS FISCAIS, CHEQUES E/OU ORDEM BANC\u00c1RIA REFERENTE AOS GASTOS EFETUADOS COM CONSUMO DE CONSTITU\u00cdVEL, NOS MESES DE JUNHO E JULHO DE 2015, BEM COMO DAS REQUISI\u00c7\u00d5ES/AUTORIZA\u00c7\u00d5ES PARA ABASTECIMENTO. "}, {"id": "64", "ano": "2015", "numero": "27", "tipo__sigla": "REQ", "tipo__descricao": "Requerimento", "autoria": "", "texto_original": "http://sapl.formoso.mg.leg.br/media/", "ementa": "REQUER \u00c1 ILUSTRE PREFEITA , OS SEGUINTES DOCUMENTOS: 1)- REMESSA AO PODER LEGISLATIVO, DE C\u00d3PIA DE CNH E DE CERTIFICADO DE CURSO PARA CONDUTOR DE VE\u00cdCULO DE EMERG\u00caNCIA,DOS MOTORISTAS DE AMBUL\u00c2NCIA."}, {"id": "65", "ano": "2015", "numero": "28", "tipo__sigla": "REQ", "tipo__descricao": "Requerimento", "autoria": "", "texto_original": "http://sapl.formoso.mg.leg.br/media/", "ementa": "REQUER \u00c1 ILUSTRE PREFEITA OS SEGUINTES DOCUMENTOS E INFORMA\u00c7\u00d5ES: I- REMESSA AO PODER LEGISLATIVO DE C\u00d3PIA DE NOTAS FISCAIS, CHEQUES, E/OU ORDEM BANC\u00c1RIA REFERENTE AOS GASTOS EFETUADOS COM A REALIZA\u00c7\u00c3O DA 52\u00aa FESTA DE JULHO NO ANO DE 2015, INCLUSIVE COM HOSPEDAGEM E ALIMENTA\u00c7\u00c3O DOS PROFISSIONAIS E ARTISTAS CONTRATADOS E RELAT\u00d3RIO DA RECEITA DA CESS\u00c3O DOS ESPA\u00c7OS DESTINADOS \u00c0S BARRACAS."}, {"id": "66", "ano": "2015", "numero": "29", "tipo__sigla": "REQ", "tipo__descricao": "Requerimento", "autoria": "", "texto_original": "http://sapl.formoso.mg.leg.br/media/", "ementa": "REQUER \u00c1 ILUSTRE PREFEITA OS SEGUINTES DOCUMENTOS E INFORMA\u00c7\u00d5ES: I- REMESSA AO PODER LEGISLATIVO DE C\u00d3PIA DE NOTAS FISCAIS, CHEQUES, E/OU ORDEM  BANC\u00c1RIA REFERENTE AOS GASTOS EFETUADOS COM A REALIZA\u00c7\u00c3O DAS FESTAS DE GOIAMINAS (S\u00c3O SEBASTI\u00c3O E SANTO ANT\u00d4NIO) NO ANO DE 2015, INCLUSIVE COM HOSPEDAGEM E ALIMENTA\u00c7\u00c3O DOS PROFISSIONAIS E ARTISTAS CONTRATADOS E RELAT\u00d3RIO DA RECEITA DA RECEITA DE CESS\u00c3O DOS ESPA\u00c7OS DESTINADOS \u00c0S BARRACAS."}, {"id": "67", "ano": "2015", "numero": "30", "tipo__sigla": "REQ", "tipo__descricao": "Requerimento", "autoria": "", "texto_original": "http://sapl.formoso.mg.leg.br/media/", "ementa": "REQUER \u00c1 ILUSTRE PREFEITA OS SEGUINTES DOCUMENTOS E INFORMA\u00c7\u00d5ES: I- REMESSA AO PODER LEGISLATIVO DE C\u00d3PIA DE NOTAS FISCAIS, CHEQUES, E/OU ORDEM BANC\u00c1RIA REFERENTE AOS GASTOS EFETUADOS COM A REALIZA\u00c7\u00c3O DA CAVALGADA ECOL\u00d3GICA NO ANO DE 2015, INCLUSIVE COM HOSPEDAGEM E ALIMENTA\u00c7\u00c3O DOS PROFISSIONAIS E ARTISTAS CONTRATADOS E RELAT\u00d3RIO DA RECEITA DA CESS\u00c3O DAS INSCRI\u00c7\u00d5ES EFETUADAS."}, {"id": "68", "ano": "2015", "numero": "31", "tipo__sigla": "REQ", "tipo__descricao": "Requerimento", "autoria": "", "texto_original": "http://sapl.formoso.mg.leg.br/media/", "ementa": "REQUER \u00c1 ILUSTRE PREFEITA, OUVIDO O PLEN\u00c1RIO E POR INTERM\u00c9DIO DA MESA DIRETORA, OS SEGUINTES DOCUMENTOS E INFORMA\u00c7\u00d5ES. I- REMESSA A PODER LEGISLATIVO DE C\u00d3PIA DE RELA\u00c7\u00c3O NOMINAL DOS SERVIDORES REMUNERADOS PELO MUNIC\u00cdPIO DE FORMOSO E QUE EXERCEM  CARGO E/OU FUN\u00c7\u00c3O NA COMARCA DE BURITIS."}, {"id": "69", "ano": "2015", "numero": "33", "tipo__sigla": "REQ", "tipo__descricao": "Requerimento", "autoria": "", "texto_original": "http://sapl.formoso.mg.leg.br/media/", "ementa": "REQUER AS SEGUINTES INFORMA\u00c7\u00d5ES E DOCUMENTOS:"}, {"id": "70", "ano": "2015", "numero": "35", "tipo__sigla": "REQ", "tipo__descricao": "Requerimento", "autoria": "", "texto_original": "http://sapl.formoso.mg.leg.br/media/", "ementa": "REQUER \u00c1 ILUSTRE PREFEITA, OUVIDO O PLEN\u00c1RIO E POR INTERM\u00c9DIO DA MESA DIRETORA, AS SEGUINTES INFORMA\u00c7\u00d5ES: "}]}